{"id":454,"date":"2015-05-06T07:53:39","date_gmt":"2015-05-06T07:53:39","guid":{"rendered":"http:\/\/borsodkempo.hu\/?p=454"},"modified":"2015-05-06T07:53:39","modified_gmt":"2015-05-06T07:53:39","slug":"kozponti-nyari-edzotabor-2015","status":"publish","type":"post","link":"https:\/\/borsodkempo.hu\/?p=454","title":{"rendered":"K\u00f6zponti Ny\u00e1ri Edz\u0151t\u00e1bor 2015"},"content":{"rendered":"<p><a href=\"http:\/\/borsodkempo.hu\/wp-content\/uploads\/2015\/05\/tabor2015_20150503155134.jpg\"><img loading=\"lazy\" decoding=\"async\" class=\"alignleft wp-image-455 size-medium\" src=\"http:\/\/borsodkempo.hu\/wp-content\/uploads\/2015\/05\/tabor2015_20150503155134-300x129.jpg\" alt=\"tabor2015_20150503155134\" width=\"300\" height=\"129\" srcset=\"https:\/\/borsodkempo.hu\/wp-content\/uploads\/2015\/05\/tabor2015_20150503155134-300x129.jpg 300w, https:\/\/borsodkempo.hu\/wp-content\/uploads\/2015\/05\/tabor2015_20150503155134-1024x442.jpg 1024w, https:\/\/borsodkempo.hu\/wp-content\/uploads\/2015\/05\/tabor2015_20150503155134.jpg 2048w\" sizes=\"(max-width: 300px) 100vw, 300px\" \/><\/a><\/p>\n<p>&nbsp;<\/p>\n<p>&nbsp;<\/p>\n<p>&nbsp;<\/p>\n<p><strong>Kedves mesterek, klubvezet\u0151k \u00e9s kempok\u00e1k!<\/strong><\/p>\n<p>A Magyar Zen Bu Kan Kempo Sport\u00e1gi Sz\u00f6vets\u00e9g \u00e9s a Kism\u00e9sz\u00e1ros Kempo SE nev\u00e9ben szeretn\u00e9lek megh\u00edvni benneteket a ny\u00e1ri k\u00f6zponti edz\u0151t\u00e1borba. A t\u00e1borral kapcsolatos legfontosabb inform\u00e1ci\u00f3kat al\u00e1bb olvashatj\u00e1tok.<\/p>\n<p><strong>A t\u00e1bor helye:<\/strong> 3324 Fels\u0151t\u00e1rk\u00e1ny, Ifj\u00fas\u00e1g \u00fat 1., Hotel T\u00e1ltos<\/p>\n<p><strong>Ideje:<\/strong> 2015. j\u00fanius 29. \u2013 j\u00falius 5.<\/p>\n<p><strong>Koroszt\u00e1ly:<\/strong> gyerek, feln\u0151tt \u00f6sszevont.<\/p>\n<p><strong>A t\u00e1bor d\u00edja:<\/strong><\/p>\n<ul>\n<li>Feln\u0151tt turistasz\u00e1ll\u00e1son: 36 000 Ft\/f\u0151\/6 \u00e9jszaka<\/li>\n<li>Feln\u0151tt sz\u00e1llodai szob\u00e1ban: 38 000 Ft\/f\u0151\/6 \u00e9jszaka<\/li>\n<li>Gyerek turistasz\u00e1ll\u00e1son: 30 000 Ft\/f\u0151\/6 \u00e9jszaka<\/li>\n<li>Gyerek sz\u00e1llodai szob\u00e1ban: 33 000 Ft\/f\u0151\/6 \u00e9jszaka<\/li>\n<\/ul>\n<p>Megjegyz\u00e9s: Az \u00e1r tartalmazza a j\u00falius 5-i \u00f6vvizsga d\u00edj\u00e1t is.<\/p>\n<p>Napi d\u00edjak, azok sz\u00e1m\u00e1ra, akik nem tudnak eg\u00e9sz h\u00e9ten r\u00e9szt venni:<\/p>\n<ul>\n<li>Gyerek-feln\u0151tt turistasz\u00e1ll\u00e1son: 7000 Ft\/nap<\/li>\n<li>Gyerek-feln\u0151tt sz\u00e1llodai szob\u00e1ban: 7500 Ft\/nap<\/li>\n<\/ul>\n<p><strong>Ell\u00e1t\u00e1s:<\/strong> napi h\u00e1rom \u00e9tkez\u00e9s:<\/p>\n<ul>\n<li>J\u00fanius 29-\u00e9n h\u00e9tf\u0151n eb\u00e9d \u00e9s vacsora<\/li>\n<li>J\u00fanius 30-t\u00f3l j\u00falius 4-ig reggeli, eb\u00e9d \u00e9s vacsora<\/li>\n<li>J\u00falius 5-\u00e9n vas\u00e1rnap reggeli.<\/li>\n<\/ul>\n<p><strong>Edz\u00e9sek:<\/strong> Napi h\u00e1rom edz\u00e9s: egy er\u0151nl\u00e9ti, egy technikai \u00e9s egy k\u00fczdelmi edz\u00e9s. J\u00fanius 29-\u00e9n h\u00e9tf\u0151n d\u00e9lut\u00e1n lesz az els\u0151 edz\u00e9s \u00e9s j\u00falius 4-\u00e9n szombat d\u00e9lut\u00e1n a vizsgak\u00fczdelmekkel z\u00e1rul a heti edz\u00e9sprogram.<\/p>\n<p><strong>Egy\u00e9b szabadid\u0151s lehet\u0151s\u00e9gek: <\/strong><\/p>\n<ul>\n<li>Szauna haszn\u00e1lat: 1000 Ft\/f\u0151\/\u00f3ra<\/li>\n<li>\u00c9p\u00fclt a t\u00e1bor ter\u00fclet\u00e9n egy \u00faj medence, melyet ingyenesen lehet haszn\u00e1lni.<\/li>\n<li>L\u00e9vai Judit: Shiatsu massz\u00e1zs 3 alkalommal.<\/li>\n<li>B\u00f3na Krisztina: Fekete\u00f6vesek sz\u00e1m\u00e1ra sportpszichol\u00f3gia el\u0151ad\u00e1s.<\/li>\n<\/ul>\n<p><strong>Jelentkez\u00e9s:<\/strong> Zen Bu Kan Kempo tagok edz\u0151ikn\u00e9l jelentkezhetnek, nem tagokt\u00f3l a <em>balazs.karaszy@karaszy.hu<\/em> c\u00edmre v\u00e1rjuk a jelentkez\u00e9st.<\/p>\n<p><strong>Jelentkez\u00e9si hat\u00e1rid\u0151:<\/strong> 2015. m\u00e1jus 30. (Sereg\u00e9lyes Kupa)<\/p>\n<p><strong>El\u0151leg: <\/strong>15 000 Ft\/f\u0151 k\u00e9szp\u00e9nzben, melyet 2015. m\u00e1jus 30-\u00e1n a Sereg\u00e9lyes Kup\u00e1n tudj\u00e1tok \u00e1tadni K\u00e1r\u00e1szi Bal\u00e1zsnak.<\/p>\n<p>Minden 18 \u00e9ven aluli t\u00e1boroz\u00f3 sz\u00e1m\u00e1ra k\u00f6telez\u0151 kit\u00f6lteni a mell\u00e9klet <a href=\"http:\/\/www.zenbukankempo.com\/sites\/zenbukankempo\/files\/Nyilatkozat_ZBK%20Ny%C3%A1ri%20T%C3%A1bor_2015%20v2.doc\">sz\u00fcl\u0151i nyilatkozatot<\/a>, \u00e9s a t\u00e1bor els\u0151 napj\u00e1n leadni.<\/p>\n<p><strong>Inf\u00f3:<\/strong><\/p>\n<ul>\n<li>K\u00e1r\u00e1szi Bal\u00e1zs<\/li>\n<li>Telefon: +36 30 258 51 75<\/li>\n<li>e-mail: balazs.karaszy@karaszy.hu<\/li>\n<li>Facebook oldal: <a href=\"http:\/\/www.facebook.com\/zenbukankemposummercamp\">www.facebook.com\/zenbukankemposummercamp<\/a><\/li>\n<\/ul>\n<p><em>Budapest, 2015.04.28.<\/em><\/p>\n<p>\u00dcdv\u00f6zlettel:<\/p>\n<p>Renshi K\u00e1r\u00e1szi Bal\u00e1zs, 4. Dan<\/p>\n","protected":false},"excerpt":{"rendered":"<p>&nbsp; &nbsp; &nbsp; Kedves mesterek, klubvezet\u0151k \u00e9s kempok\u00e1k! A Magyar Zen Bu Kan Kempo Sport\u00e1gi Sz\u00f6vets\u00e9g \u00e9s a Kism\u00e9sz\u00e1ros Kempo SE nev\u00e9ben szeretn\u00e9lek megh\u00edvni benneteket a ny\u00e1ri k\u00f6zponti edz\u0151t\u00e1borba. A t\u00e1borral kapcsolatos legfontosabb inform\u00e1ci\u00f3kat al\u00e1bb olvashatj\u00e1tok. A t\u00e1bor helye: 3324 Fels\u0151t\u00e1rk\u00e1ny, Ifj\u00fas\u00e1g \u00fat 1., Hotel T\u00e1ltos Ideje: 2015. j\u00fanius 29. \u2013 j\u00falius 5. Koroszt\u00e1ly: gyerek, [&hellip;]<\/p>\n","protected":false},"author":1,"featured_media":0,"comment_status":"open","ping_status":"open","sticky":false,"template":"","format":"standard","meta":{"ngg_post_thumbnail":0,"footnotes":""},"categories":[1],"tags":[],"_links":{"self":[{"href":"https:\/\/borsodkempo.hu\/index.php?rest_route=\/wp\/v2\/posts\/454"}],"collection":[{"href":"https:\/\/borsodkempo.hu\/index.php?rest_route=\/wp\/v2\/posts"}],"about":[{"href":"https:\/\/borsodkempo.hu\/index.php?rest_route=\/wp\/v2\/types\/post"}],"author":[{"embeddable":true,"href":"https:\/\/borsodkempo.hu\/index.php?rest_route=\/wp\/v2\/users\/1"}],"replies":[{"embeddable":true,"href":"https:\/\/borsodkempo.hu\/index.php?rest_route=%2Fwp%2Fv2%2Fcomments&post=454"}],"version-history":[{"count":1,"href":"https:\/\/borsodkempo.hu\/index.php?rest_route=\/wp\/v2\/posts\/454\/revisions"}],"predecessor-version":[{"id":456,"href":"https:\/\/borsodkempo.hu\/index.php?rest_route=\/wp\/v2\/posts\/454\/revisions\/456"}],"wp:attachment":[{"href":"https:\/\/borsodkempo.hu\/index.php?rest_route=%2Fwp%2Fv2%2Fmedia&parent=454"}],"wp:term":[{"taxonomy":"category","embeddable":true,"href":"https:\/\/borsodkempo.hu\/index.php?rest_route=%2Fwp%2Fv2%2Fcategories&post=454"},{"taxonomy":"post_tag","embeddable":true,"href":"https:\/\/borsodkempo.hu\/index.php?rest_route=%2Fwp%2Fv2%2Ftags&post=454"}],"curies":[{"name":"wp","href":"https:\/\/api.w.org\/{rel}","templated":true}]}}